{"id":1244,"date":"2021-01-02T13:39:26","date_gmt":"2021-01-02T12:39:26","guid":{"rendered":"https:\/\/ip2.uek.krakow.pl\/kpnpp\/?p=1244"},"modified":"2025-12-09T15:14:14","modified_gmt":"2025-12-09T14:14:14","slug":"monografia-pt-wlasnosc-lokali-terazniejszosc-i-perspektywy","status":"publish","type":"post","link":"https:\/\/ip.uek.krakow.pl\/kpnpptp\/monografia-pt-wlasnosc-lokali-terazniejszosc-i-perspektywy\/","title":{"rendered":"Monografia pt. \u201eW\u0142asno\u015b\u0107 Lokali. Tera\u017aniejszo\u015b\u0107 i Perspektywy\u201d"},"content":{"rendered":"\n<div class=\"wp-block-columns is-layout-flex wp-container-core-columns-is-layout-9d6595d7 wp-block-columns-is-layout-flex\">\n<div class=\"wp-block-column is-vertically-aligned-center is-layout-flow wp-block-column-is-layout-flow\" style=\"flex-basis:66.66%\">\n<h4 class=\"wp-block-heading\">Jest nam mi\u0142o poinformowa\u0107, \u017ce jest ju\u017c dost\u0119pna najnowsza monografia z udzia\u0142em pracownik\u00f3w Katedry Prawa Nieruchomo\u015bci i Prawa Podatkowego pt. \u201eW\u0142asno\u015b\u0107 Lokali. Tera\u017aniejszo\u015b\u0107 i Perspektywy\u201d pod redakcj\u0105 prof. UEK dr hab. Anety Ka\u017amierczyk oraz dr Eweliny Badury.<\/h4>\n<\/div>\n\n\n\n<div class=\"wp-block-column is-layout-flow wp-block-column-is-layout-flow\" style=\"flex-basis:33.33%\">\n<figure class=\"wp-block-image size-full\"><img decoding=\"async\" width=\"183\" height=\"275\" loading=\"lazy\" src=\"https:\/\/ip.uek.krakow.pl\/kpnpptp\/wp-content\/uploads\/sites\/21\/2024\/06\/Wlasnosc-Lokali.png\" alt=\"ok\u0142adka\" class=\"wp-image-1391\"\/><\/figure>\n<\/div>\n<\/div>\n\n\n<ol>\n<li><em>Rozdzia\u0142 VI. \u0141\u0105czenie i podzia\u0142 lokali<\/em> (E. Badura)<\/li>\n<li><em>Rozdzia\u0142 X.\u00a0Postulat jednoznacznego unormowania statusu prawnego wsp\u00f3lnoty mieszkaniowej<\/em> (A. Ka\u017amierczyk)<\/li>\n<li><em>Rozdzia\u0142 XIII. Problematyka zakresu zwyk\u0142ego zarz\u0105du w du\u017cych wsp\u00f3lnotach mieszkaniowych, funkcjonuj\u0105cych w ramach zarz\u0105du ustawowego, w kontek\u015bcie wyra\u017cenia zgody na wykonanie przez w\u0142a\u015bciciela s\u0105siedniej nieruchomo\u015bci przy\u0142\u0105cza do studzienki kanalizacyjnej znajduj\u0105cej si\u0119 na gruncie stanowi\u0105cej nieruchomo\u015b\u0107 wsp\u00f3ln\u0105<\/em> (Jacek Lachner)<\/li>\n<li><em>Rozdzia\u0142 XVI. Odpowiedzialno\u015b\u0107 za wady nieruchomo\u015bci w umowie sprzeda\u017cy konsumenckiej<\/em> (Jolanta Loranc-Borkowska)<\/li>\n<li><em>Rozdzia\u0142 XIX. Cicha rewolucja: spo\u0142eczny i historyczno-prawny kontekst rozwoju instytucji odr\u0119bnej w\u0142asno\u015bci lokalu w Europie \u015arodkowej<\/em> (W\u0142adys\u0142aw P\u0119ksa)<\/li>\n<li><em>Rozdzia\u0142 XXIV. Prawnopodatkowe aspekty tokenizacji prawa w\u0142asno\u015bci <\/em>(Konrad Stolarski)<\/li>\n<li><em>Rozdzia\u0142 XXV. Samodzielny lokal mieszkalny jako przedmiot dzia\u0142alno\u015bci gospodarczej \u2013 aspekty podatkowe<\/em> (Pawe\u0142 D\u0105bek)<\/li>\n<li><em>Rozdzia\u0142 XXVI. Obr\u00f3t nieruchomo\u015bciami lokalowymi \u2013 zarz\u0105d maj\u0105tkiem prywatnym czy dzia\u0142alno\u015b\u0107 gospodarcza w rozumieniu przepis\u00f3w o podatku od towar\u00f3w i us\u0142ug<\/em> (Katarzyna Knawa)<\/li>\n<\/ol>\n<p>&nbsp;<\/p>\n<p>Z pe\u0142nym spisem tre\u015bci mo\u017cna zapozna\u0107 si\u0119 na stronach internetowych wydawnictwa:<\/p>\n<p><a href=\"https:\/\/www.ksiegarnia.beck.pl\/19689-wlasnosc-lokali-terazniejszosc-i-perspektywy-ewelina-badura#opis\">https:\/\/www.ksiegarnia.beck.pl\/19689-wlasnosc-lokali-terazniejszosc-i-perspektywy-ewelina-badura#opis\u00a0<\/a><\/p>","protected":false},"excerpt":{"rendered":"<p>Jest nam mi\u0142o poinformowa\u0107, \u017ce jest ju\u017c dost\u0119pna najnowsza monografia z udzia\u0142em pracownik\u00f3w Katedry Prawa Nieruchomo\u015bci i Prawa Podatkowego pt. \u201eW\u0142asno\u015b\u0107 Lokali. Tera\u017aniejszo\u015b\u0107 i Perspektywy\u201d pod redakcj\u0105 prof. UEK dr hab. Anety Ka\u017amierczyk oraz dr Eweliny Badury. Rozdzia\u0142 VI. \u0141\u0105czenie i podzia\u0142 lokali (E. Badura) Rozdzia\u0142 X.\u00a0Postulat jednoznacznego unormowania statusu prawnego wsp\u00f3lnoty mieszkaniowej (A. Ka\u017amierczyk) [&hellip;]<\/p>\n","protected":false},"author":2,"featured_media":1391,"comment_status":"closed","ping_status":"closed","sticky":false,"template":"","format":"standard","meta":{"_acf_changed":false,"footnotes":""},"categories":[1,12],"tags":[],"class_list":["post-1244","post","type-post","status-publish","format-standard","has-post-thumbnail","hentry","category-aktualnosci","category-monografie"],"acf":[],"_links":{"self":[{"href":"https:\/\/ip.uek.krakow.pl\/kpnpptp\/wp-json\/wp\/v2\/posts\/1244","targetHints":{"allow":["GET"]}}],"collection":[{"href":"https:\/\/ip.uek.krakow.pl\/kpnpptp\/wp-json\/wp\/v2\/posts"}],"about":[{"href":"https:\/\/ip.uek.krakow.pl\/kpnpptp\/wp-json\/wp\/v2\/types\/post"}],"author":[{"embeddable":true,"href":"https:\/\/ip.uek.krakow.pl\/kpnpptp\/wp-json\/wp\/v2\/users\/2"}],"replies":[{"embeddable":true,"href":"https:\/\/ip.uek.krakow.pl\/kpnpptp\/wp-json\/wp\/v2\/comments?post=1244"}],"version-history":[{"count":5,"href":"https:\/\/ip.uek.krakow.pl\/kpnpptp\/wp-json\/wp\/v2\/posts\/1244\/revisions"}],"predecessor-version":[{"id":1993,"href":"https:\/\/ip.uek.krakow.pl\/kpnpptp\/wp-json\/wp\/v2\/posts\/1244\/revisions\/1993"}],"wp:featuredmedia":[{"embeddable":true,"href":"https:\/\/ip.uek.krakow.pl\/kpnpptp\/wp-json\/wp\/v2\/media\/1391"}],"wp:attachment":[{"href":"https:\/\/ip.uek.krakow.pl\/kpnpptp\/wp-json\/wp\/v2\/media?parent=1244"}],"wp:term":[{"taxonomy":"category","embeddable":true,"href":"https:\/\/ip.uek.krakow.pl\/kpnpptp\/wp-json\/wp\/v2\/categories?post=1244"},{"taxonomy":"post_tag","embeddable":true,"href":"https:\/\/ip.uek.krakow.pl\/kpnpptp\/wp-json\/wp\/v2\/tags?post=1244"}],"curies":[{"name":"wp","href":"https:\/\/api.w.org\/{rel}","templated":true}]}}